{"id":29154,"date":"2026-04-27T15:21:27","date_gmt":"2026-04-27T14:21:27","guid":{"rendered":"https:\/\/kmnmaribor.si\/?p=29154"},"modified":"2026-04-27T15:41:26","modified_gmt":"2026-04-27T14:41:26","slug":"senijad-ibricic-nova-okrepitev-kmn-maribora","status":"publish","type":"post","link":"https:\/\/kmnmaribor.si\/index.php\/2026\/04\/27\/senijad-ibricic-nova-okrepitev-kmn-maribora\/","title":{"rendered":"Senijad Ibri\u010di\u0107 nova okrepitev KMN Maribora"},"content":{"rendered":"<p>[et_pb_section fb_built=&#8221;1&#8243; _builder_version=&#8221;4.27.6&#8243; _module_preset=&#8221;default&#8221; global_colors_info=&#8221;{}&#8221;][et_pb_row column_structure=&#8221;1_2,1_2&#8243; _builder_version=&#8221;4.27.6&#8243; _module_preset=&#8221;default&#8221; global_colors_info=&#8221;{}&#8221;][et_pb_column type=&#8221;1_2&#8243; _builder_version=&#8221;4.27.6&#8243; _module_preset=&#8221;default&#8221; global_colors_info=&#8221;{}&#8221;][et_pb_text _builder_version=&#8221;4.27.6&#8243; _module_preset=&#8221;default&#8221; text_font=&#8221;&#8211;et_global_heading_font||||||||&#8221; text_font_size=&#8221;16px&#8221; custom_margin=&#8221;80px||||false|false&#8221; custom_margin_tablet=&#8221;0px||||false|false&#8221; custom_margin_phone=&#8221;0px||||false|false&#8221; custom_margin_last_edited=&#8221;on|desktop&#8221; global_colors_info=&#8221;{}&#8221;]<\/p>\n<p><strong>KMN Maribor<\/strong> z velikim ponosom in zadovoljstvom predstavlja novo okrepitev \u010dlanske ekipe \u2013 v vijoli\u010dasti dres prihaja <strong>Senijad Ibri\u010di\u0107<\/strong>, <strong>nekdanji reprezentant Bosne in Hercegovine<\/strong> ter danes tudi \u010dlan <strong>reprezentance Bosne in Hercegovine<\/strong> v malem nogometu na travi.<\/p>\n<p>[\/et_pb_text][\/et_pb_column][et_pb_column type=&#8221;1_2&#8243; _builder_version=&#8221;4.27.6&#8243; _module_preset=&#8221;default&#8221; global_colors_info=&#8221;{}&#8221;][et_pb_image src=&#8221;https:\/\/kmnmaribor.si\/wp-content\/uploads\/2026\/04\/pisarna.png&#8221; title_text=&#8221;pisarna&#8221; show_in_lightbox=&#8221;on&#8221; _builder_version=&#8221;4.27.6&#8243; _module_preset=&#8221;default&#8221; animation_style=&#8221;fade&#8221; border_radii=&#8221;on|10px|10px|10px|10px&#8221; box_shadow_style=&#8221;preset1&#8243; global_colors_info=&#8221;{}&#8221;][\/et_pb_image][\/et_pb_column][\/et_pb_row][et_pb_row _builder_version=&#8221;4.27.6&#8243; _module_preset=&#8221;default&#8221; global_colors_info=&#8221;{}&#8221;][et_pb_column type=&#8221;4_4&#8243; _builder_version=&#8221;4.27.6&#8243; _module_preset=&#8221;default&#8221; global_colors_info=&#8221;{}&#8221;][et_pb_text _builder_version=&#8221;4.27.6&#8243; _module_preset=&#8221;default&#8221; text_font=&#8221;&#8211;et_global_heading_font||||||||&#8221; text_font_size=&#8221;16px&#8221; custom_margin=&#8221;||||false|false&#8221; hover_enabled=&#8221;0&#8243; global_colors_info=&#8221;{}&#8221; sticky_enabled=&#8221;0&#8243;]<\/p>\n<p><strong>Ibri\u010di\u0107<\/strong> bo letos nastopil na evropskem prvenstvu <strong>EMF EURO 2026<\/strong>, ki bo potekalo <strong>na Slova\u0161kem<\/strong>, kar dodatno potrjuje njegovo vrhunsko pripravljenost in kakovost tudi v tej razli\u010dici igre.<\/p>\n<p>V svoji bogati karieri je <strong>Ibri\u010di\u0107<\/strong> pustil mo\u010dan pe\u010dat tako na klubski kot reprezentan\u010dni ravni. Kot pomemben \u010dlan reprezentance <strong>Bosne in Hercegovine<\/strong> je nastopal na najvi\u0161jem nivoju mednarodnega nogometa, obenem pa je z uspe\u0161nimi nastopi v \u0161tevilnih evropskih klubih dokazal svojo tehni\u010dno dovr\u0161enost, pregled nad igro in izjemen ob\u010dutek za odlo\u010dilne poteze. Pred tem je bil \u010dlan <strong>\u0161tevilnih tur\u0161kih prvoliga\u0161ev<\/strong>, <strong>FC Lokomotiva Moskva<\/strong>, <strong>HNK Hajduk Split<\/strong>, <strong>NK Zagreb<\/strong>, <strong>FC Koper<\/strong>, <strong>NK Dom\u017eale<\/strong> ter njegovega mati\u010dnega kluba <strong>NK Podgrme\u010d<\/strong> v rodni dr\u017eavi.<\/p>\n<p>[\/et_pb_text][\/et_pb_column][\/et_pb_row][et_pb_row _builder_version=&#8221;4.27.6&#8243; _module_preset=&#8221;default&#8221; global_colors_info=&#8221;{}&#8221;][et_pb_column type=&#8221;4_4&#8243; _builder_version=&#8221;4.27.6&#8243; _module_preset=&#8221;default&#8221; global_colors_info=&#8221;{}&#8221;][et_pb_image src=&#8221;https:\/\/kmnmaribor.si\/wp-content\/uploads\/2026\/04\/16_SenijadI_spredaj.png&#8221; title_text=&#8221;16_SenijadI_spredaj&#8221; show_in_lightbox=&#8221;on&#8221; _builder_version=&#8221;4.27.6&#8243; _module_preset=&#8221;default&#8221; custom_margin=&#8221;||||false|false&#8221; custom_margin_tablet=&#8221;0px||||false|false&#8221; custom_margin_phone=&#8221;0px||||false|false&#8221; custom_margin_last_edited=&#8221;on|desktop&#8221; animation_style=&#8221;fade&#8221; border_radii=&#8221;on|10px|10px|10px|10px&#8221; box_shadow_style=&#8221;preset1&#8243; global_colors_info=&#8221;{}&#8221;][\/et_pb_image][et_pb_text _builder_version=&#8221;4.27.6&#8243; _module_preset=&#8221;default&#8221; text_font=&#8221;&#8211;et_global_heading_font||||||||&#8221; text_font_size=&#8221;16px&#8221; custom_margin=&#8221;15px||||false|false&#8221; custom_margin_tablet=&#8221;15px||||false|false&#8221; custom_margin_phone=&#8221;15px||||false|false&#8221; custom_margin_last_edited=&#8221;on|phone&#8221; hover_enabled=&#8221;0&#8243; global_colors_info=&#8221;{}&#8221; sticky_enabled=&#8221;0&#8243;]<\/p>\n<p>Njegov prihod v <strong>KMN Maribor<\/strong> pomeni pomemben korak v razvoju kluba in jasno ambicijo po dvigu kakovostne ravni ekipe. Ob trenerju <strong>Domenu Fasvaldu<\/strong> ter igralcih <strong>Davidu Sitarju<\/strong>, <strong>Marcelu Vindi\u0161u<\/strong>\u00a0in <strong>Denisu Popovi\u0107u<\/strong> predstavlja <strong>Ibri\u010di\u0107<\/strong> pomembno okrepitev, ki bo s svojimi izku\u0161njami, vodstvenimi sposobnostmi in profesionalnim pristopom <strong>dodatno okrepil ekipo<\/strong>.<\/p>\n<p>[\/et_pb_text][\/et_pb_column][\/et_pb_row][et_pb_row _builder_version=&#8221;4.27.6&#8243; _module_preset=&#8221;default&#8221; global_colors_info=&#8221;{}&#8221;][et_pb_column type=&#8221;4_4&#8243; _builder_version=&#8221;4.27.6&#8243; _module_preset=&#8221;default&#8221; global_colors_info=&#8221;{}&#8221;][et_pb_text _builder_version=&#8221;4.27.6&#8243; _module_preset=&#8221;default&#8221; text_font=&#8221;&#8211;et_global_heading_font||||||||&#8221; text_font_size=&#8221;16px&#8221; custom_margin=&#8221;15px||||false|false&#8221; custom_margin_tablet=&#8221;15px||||false|false&#8221; custom_margin_phone=&#8221;15px||||false|false&#8221; custom_margin_last_edited=&#8221;on|phone&#8221; global_colors_info=&#8221;{}&#8221;]<\/p>\n<p>Ob prihodu nove okrepitve je svoje zadovoljstvo izrazil tudi predsednik kluba <strong>Viktor Rep<\/strong>:<\/p>\n<p>\u00bb<strong>Prihod Senijada Ibri\u010di\u0107a je za na\u0161 klub izjemnega pomena. Gre za igralca z vrhunskimi izku\u0161njami, ki je skozi svojo kariero dokazal kakovost na najvi\u0161jem nivoju. Njegova prisotnost ne pomeni le dodatne kakovosti na igri\u0161\u010du, temve\u010d tudi velik vpliv na razvoj ekipe in mlaj\u0161ih igralcev. Prepri\u010dani smo, da smo z novo okrepitvijo poslali jasno sporo\u010dilo o na\u0161ih ambicijah<\/strong>.\u00ab<\/p>\n<p>\u010ceprav gre za novo poglavje v njegovi karieri \u2013 mali nogomet na travi \u2013 ni dvoma, da bo s svojo kakovostjo in nogometno inteligenco hitro postal eden klju\u010dnih \u010dlenov ekipe. Njegova prisotnost bo klju\u010dna tudi pri razvoju mlaj\u0161ih igralcev, katerim bo lahko predajal znanje, pridobljeno skozi dolgoletno igranje na najvi\u0161jem nivoju.<\/p>\n<p>V <strong>KMN Maribor<\/strong> verjamemo, da bo sodelovanje s <strong>Senijadom Ibri\u010di\u0107em<\/strong> uspe\u0161no in polno \u0161portnih dose\u017ekov.<\/p>\n<p><strong>Senijad, dobrodo\u0161el v vijoli\u010dasti dru\u017eini!<\/strong><\/p>\n<p>[\/et_pb_text][et_pb_image src=&#8221;https:\/\/kmnmaribor.si\/wp-content\/uploads\/2026\/04\/Ibricic_predstavitev.png&#8221; title_text=&#8221;Ibri\u010di\u0107_predstavitev&#8221; show_in_lightbox=&#8221;on&#8221; _builder_version=&#8221;4.27.6&#8243; _module_preset=&#8221;default&#8221; custom_margin=&#8221;||||false|false&#8221; custom_margin_tablet=&#8221;0px||||false|false&#8221; custom_margin_phone=&#8221;0px||||false|false&#8221; custom_margin_last_edited=&#8221;on|desktop&#8221; animation_style=&#8221;fade&#8221; border_radii=&#8221;on|10px|10px|10px|10px&#8221; box_shadow_style=&#8221;preset1&#8243; global_colors_info=&#8221;{}&#8221;][\/et_pb_image][\/et_pb_column][\/et_pb_row][\/et_pb_section]<\/p>\n","protected":false},"excerpt":{"rendered":"<p>KMN Maribor z velikim ponosom in zadovoljstvom predstavlja novo okrepitev \u010dlanske ekipe \u2013 v vijoli\u010dasti dres prihaja Senijad Ibri\u010di\u0107, nekdanji reprezentant Bosne in Hercegovine ter danes tudi \u010dlan reprezentance Bosne [&hellip;]<\/p>\n","protected":false},"author":1,"featured_media":29156,"comment_status":"closed","ping_status":"closed","sticky":false,"template":"","format":"standard","meta":{"_et_pb_use_builder":"on","_et_pb_old_content":"","_et_gb_content_width":"","footnotes":""},"categories":[9],"tags":[],"class_list":["post-29154","post","type-post","status-publish","format-standard","has-post-thumbnail","hentry","category-novice"],"yoast_head":"<!-- This site is optimized with the Yoast SEO plugin v27.4 - https:\/\/yoast.com\/product\/yoast-seo-wordpress\/ -->\n<title>Senijad Ibri\u010di\u0107 nova okrepitev KMN Maribora - KMN MARIBOR - SLOVENIJA<\/title>\n<meta name=\"description\" content=\"KMN Maribor z velikim ponosom in zadovoljstvom predstavlja novo okrepitev \u010dlanske ekipe \u2013 v vijoli\u010dasti dres prihaja Senijad Ibri\u010di\u0107, nekdanji reprezentant Bosne in Hercegovine ter danes tudi \u010dlan reprezentance Bosne in Hercegovine v malem nogometu na travi...\" \/>\n<meta name=\"robots\" content=\"index, follow, max-snippet:-1, max-image-preview:large, max-video-preview:-1\" \/>\n<link rel=\"canonical\" href=\"https:\/\/kmnmaribor.si\/index.php\/2026\/04\/27\/senijad-ibricic-nova-okrepitev-kmn-maribora\/\" \/>\n<meta property=\"og:locale\" content=\"sl_SI\" \/>\n<meta property=\"og:type\" content=\"article\" \/>\n<meta property=\"og:title\" content=\"Senijad Ibri\u010di\u0107 nova okrepitev KMN Maribora - KMN MARIBOR - SLOVENIJA\" \/>\n<meta property=\"og:description\" content=\"KMN Maribor z velikim ponosom in zadovoljstvom predstavlja novo okrepitev \u010dlanske ekipe \u2013 v vijoli\u010dasti dres prihaja Senijad Ibri\u010di\u0107, nekdanji reprezentant Bosne in Hercegovine ter danes tudi \u010dlan reprezentance Bosne in Hercegovine v malem nogometu na travi...\" \/>\n<meta property=\"og:url\" content=\"https:\/\/kmnmaribor.si\/index.php\/2026\/04\/27\/senijad-ibricic-nova-okrepitev-kmn-maribora\/\" \/>\n<meta property=\"og:site_name\" content=\"KMN MARIBOR - SLOVENIJA\" \/>\n<meta property=\"article:publisher\" content=\"https:\/\/www.facebook.com\/groups\/1004739540477470\" \/>\n<meta property=\"article:published_time\" content=\"2026-04-27T14:21:27+00:00\" \/>\n<meta property=\"article:modified_time\" content=\"2026-04-27T14:41:26+00:00\" \/>\n<meta property=\"og:image\" content=\"https:\/\/kmnmaribor.si\/wp-content\/uploads\/2026\/04\/Ibricic_predstavitev-1024x683.png\" \/>\n\t<meta property=\"og:image:width\" content=\"1024\" \/>\n\t<meta property=\"og:image:height\" content=\"683\" \/>\n\t<meta property=\"og:image:type\" content=\"image\/png\" \/>\n<meta name=\"author\" content=\"admin\" \/>\n<meta name=\"twitter:card\" content=\"summary_large_image\" \/>\n<meta name=\"twitter:label1\" content=\"Written by\" \/>\n\t<meta name=\"twitter:data1\" content=\"admin\" \/>\n\t<meta name=\"twitter:label2\" content=\"Est. reading time\" \/>\n\t<meta name=\"twitter:data2\" content=\"3 minute\" \/>\n<script type=\"application\/ld+json\" class=\"yoast-schema-graph\">{\"@context\":\"https:\\\/\\\/schema.org\",\"@graph\":[{\"@type\":\"Article\",\"@id\":\"https:\\\/\\\/kmnmaribor.si\\\/index.php\\\/2026\\\/04\\\/27\\\/senijad-ibricic-nova-okrepitev-kmn-maribora\\\/#article\",\"isPartOf\":{\"@id\":\"https:\\\/\\\/kmnmaribor.si\\\/index.php\\\/2026\\\/04\\\/27\\\/senijad-ibricic-nova-okrepitev-kmn-maribora\\\/\"},\"author\":{\"name\":\"admin\",\"@id\":\"https:\\\/\\\/kmnmaribor.si\\\/#\\\/schema\\\/person\\\/eec839a73b45bf2a88c32737c696c55f\"},\"headline\":\"Senijad Ibri\u010di\u0107 nova okrepitev KMN Maribora\",\"datePublished\":\"2026-04-27T14:21:27+00:00\",\"dateModified\":\"2026-04-27T14:41:26+00:00\",\"mainEntityOfPage\":{\"@id\":\"https:\\\/\\\/kmnmaribor.si\\\/index.php\\\/2026\\\/04\\\/27\\\/senijad-ibricic-nova-okrepitev-kmn-maribora\\\/\"},\"wordCount\":887,\"publisher\":{\"@id\":\"https:\\\/\\\/kmnmaribor.si\\\/#organization\"},\"image\":{\"@id\":\"https:\\\/\\\/kmnmaribor.si\\\/index.php\\\/2026\\\/04\\\/27\\\/senijad-ibricic-nova-okrepitev-kmn-maribora\\\/#primaryimage\"},\"thumbnailUrl\":\"https:\\\/\\\/kmnmaribor.si\\\/wp-content\\\/uploads\\\/2026\\\/04\\\/Ibricic_predstavitev.png\",\"articleSection\":[\"Novice\"],\"inLanguage\":\"sl-SI\"},{\"@type\":\"WebPage\",\"@id\":\"https:\\\/\\\/kmnmaribor.si\\\/index.php\\\/2026\\\/04\\\/27\\\/senijad-ibricic-nova-okrepitev-kmn-maribora\\\/\",\"url\":\"https:\\\/\\\/kmnmaribor.si\\\/index.php\\\/2026\\\/04\\\/27\\\/senijad-ibricic-nova-okrepitev-kmn-maribora\\\/\",\"name\":\"Senijad Ibri\u010di\u0107 nova okrepitev KMN Maribora - KMN MARIBOR - SLOVENIJA\",\"isPartOf\":{\"@id\":\"https:\\\/\\\/kmnmaribor.si\\\/#website\"},\"primaryImageOfPage\":{\"@id\":\"https:\\\/\\\/kmnmaribor.si\\\/index.php\\\/2026\\\/04\\\/27\\\/senijad-ibricic-nova-okrepitev-kmn-maribora\\\/#primaryimage\"},\"image\":{\"@id\":\"https:\\\/\\\/kmnmaribor.si\\\/index.php\\\/2026\\\/04\\\/27\\\/senijad-ibricic-nova-okrepitev-kmn-maribora\\\/#primaryimage\"},\"thumbnailUrl\":\"https:\\\/\\\/kmnmaribor.si\\\/wp-content\\\/uploads\\\/2026\\\/04\\\/Ibricic_predstavitev.png\",\"datePublished\":\"2026-04-27T14:21:27+00:00\",\"dateModified\":\"2026-04-27T14:41:26+00:00\",\"description\":\"KMN Maribor z velikim ponosom in zadovoljstvom predstavlja novo okrepitev \u010dlanske ekipe \u2013 v vijoli\u010dasti dres prihaja Senijad Ibri\u010di\u0107, nekdanji reprezentant Bosne in Hercegovine ter danes tudi \u010dlan reprezentance Bosne in Hercegovine v malem nogometu na travi...\",\"breadcrumb\":{\"@id\":\"https:\\\/\\\/kmnmaribor.si\\\/index.php\\\/2026\\\/04\\\/27\\\/senijad-ibricic-nova-okrepitev-kmn-maribora\\\/#breadcrumb\"},\"inLanguage\":\"sl-SI\",\"potentialAction\":[{\"@type\":\"ReadAction\",\"target\":[\"https:\\\/\\\/kmnmaribor.si\\\/index.php\\\/2026\\\/04\\\/27\\\/senijad-ibricic-nova-okrepitev-kmn-maribora\\\/\"]}]},{\"@type\":\"ImageObject\",\"inLanguage\":\"sl-SI\",\"@id\":\"https:\\\/\\\/kmnmaribor.si\\\/index.php\\\/2026\\\/04\\\/27\\\/senijad-ibricic-nova-okrepitev-kmn-maribora\\\/#primaryimage\",\"url\":\"https:\\\/\\\/kmnmaribor.si\\\/wp-content\\\/uploads\\\/2026\\\/04\\\/Ibricic_predstavitev.png\",\"contentUrl\":\"https:\\\/\\\/kmnmaribor.si\\\/wp-content\\\/uploads\\\/2026\\\/04\\\/Ibricic_predstavitev.png\",\"width\":1536,\"height\":1024},{\"@type\":\"BreadcrumbList\",\"@id\":\"https:\\\/\\\/kmnmaribor.si\\\/index.php\\\/2026\\\/04\\\/27\\\/senijad-ibricic-nova-okrepitev-kmn-maribora\\\/#breadcrumb\",\"itemListElement\":[{\"@type\":\"ListItem\",\"position\":1,\"name\":\"Home\",\"item\":\"https:\\\/\\\/kmnmaribor.si\\\/\"},{\"@type\":\"ListItem\",\"position\":2,\"name\":\"Senijad Ibri\u010di\u0107 nova okrepitev KMN Maribora\"}]},{\"@type\":\"WebSite\",\"@id\":\"https:\\\/\\\/kmnmaribor.si\\\/#website\",\"url\":\"https:\\\/\\\/kmnmaribor.si\\\/\",\"name\":\"KMN MARIBOR - SLOVENIJA\",\"description\":\"\",\"publisher\":{\"@id\":\"https:\\\/\\\/kmnmaribor.si\\\/#organization\"},\"potentialAction\":[{\"@type\":\"SearchAction\",\"target\":{\"@type\":\"EntryPoint\",\"urlTemplate\":\"https:\\\/\\\/kmnmaribor.si\\\/?s={search_term_string}\"},\"query-input\":{\"@type\":\"PropertyValueSpecification\",\"valueRequired\":true,\"valueName\":\"search_term_string\"}}],\"inLanguage\":\"sl-SI\"},{\"@type\":\"Organization\",\"@id\":\"https:\\\/\\\/kmnmaribor.si\\\/#organization\",\"name\":\"KMN MARIBOR - SLOVENIJA\",\"url\":\"https:\\\/\\\/kmnmaribor.si\\\/\",\"logo\":{\"@type\":\"ImageObject\",\"inLanguage\":\"sl-SI\",\"@id\":\"https:\\\/\\\/kmnmaribor.si\\\/#\\\/schema\\\/logo\\\/image\\\/\",\"url\":\"https:\\\/\\\/kmnmaribor.si\\\/wp-content\\\/uploads\\\/2025\\\/08\\\/logo-branik-viol-scaled.png\",\"contentUrl\":\"https:\\\/\\\/kmnmaribor.si\\\/wp-content\\\/uploads\\\/2025\\\/08\\\/logo-branik-viol-scaled.png\",\"width\":2560,\"height\":2560,\"caption\":\"KMN MARIBOR - SLOVENIJA\"},\"image\":{\"@id\":\"https:\\\/\\\/kmnmaribor.si\\\/#\\\/schema\\\/logo\\\/image\\\/\"},\"sameAs\":[\"https:\\\/\\\/www.facebook.com\\\/groups\\\/1004739540477470\"]},{\"@type\":\"Person\",\"@id\":\"https:\\\/\\\/kmnmaribor.si\\\/#\\\/schema\\\/person\\\/eec839a73b45bf2a88c32737c696c55f\",\"name\":\"admin\",\"image\":{\"@type\":\"ImageObject\",\"inLanguage\":\"sl-SI\",\"@id\":\"https:\\\/\\\/secure.gravatar.com\\\/avatar\\\/146ba08b3ec32b418a9f4d9b98da7776d62c33d49cbea8ab5cefec49407c733f?s=96&d=mm&r=g\",\"url\":\"https:\\\/\\\/secure.gravatar.com\\\/avatar\\\/146ba08b3ec32b418a9f4d9b98da7776d62c33d49cbea8ab5cefec49407c733f?s=96&d=mm&r=g\",\"contentUrl\":\"https:\\\/\\\/secure.gravatar.com\\\/avatar\\\/146ba08b3ec32b418a9f4d9b98da7776d62c33d49cbea8ab5cefec49407c733f?s=96&d=mm&r=g\",\"caption\":\"admin\"},\"sameAs\":[\"https:\\\/\\\/kmnmaribor.si\"],\"url\":\"https:\\\/\\\/kmnmaribor.si\\\/index.php\\\/author\\\/admin\\\/\"}]}<\/script>\n<!-- \/ Yoast SEO plugin. -->","yoast_head_json":{"title":"Senijad Ibri\u010di\u0107 nova okrepitev KMN Maribora - KMN MARIBOR - SLOVENIJA","description":"KMN Maribor z velikim ponosom in zadovoljstvom predstavlja novo okrepitev \u010dlanske ekipe \u2013 v vijoli\u010dasti dres prihaja Senijad Ibri\u010di\u0107, nekdanji reprezentant Bosne in Hercegovine ter danes tudi \u010dlan reprezentance Bosne in Hercegovine v malem nogometu na travi...","robots":{"index":"index","follow":"follow","max-snippet":"max-snippet:-1","max-image-preview":"max-image-preview:large","max-video-preview":"max-video-preview:-1"},"canonical":"https:\/\/kmnmaribor.si\/index.php\/2026\/04\/27\/senijad-ibricic-nova-okrepitev-kmn-maribora\/","og_locale":"sl_SI","og_type":"article","og_title":"Senijad Ibri\u010di\u0107 nova okrepitev KMN Maribora - KMN MARIBOR - SLOVENIJA","og_description":"KMN Maribor z velikim ponosom in zadovoljstvom predstavlja novo okrepitev \u010dlanske ekipe \u2013 v vijoli\u010dasti dres prihaja Senijad Ibri\u010di\u0107, nekdanji reprezentant Bosne in Hercegovine ter danes tudi \u010dlan reprezentance Bosne in Hercegovine v malem nogometu na travi...","og_url":"https:\/\/kmnmaribor.si\/index.php\/2026\/04\/27\/senijad-ibricic-nova-okrepitev-kmn-maribora\/","og_site_name":"KMN MARIBOR - SLOVENIJA","article_publisher":"https:\/\/www.facebook.com\/groups\/1004739540477470","article_published_time":"2026-04-27T14:21:27+00:00","article_modified_time":"2026-04-27T14:41:26+00:00","og_image":[{"width":1024,"height":683,"url":"https:\/\/kmnmaribor.si\/wp-content\/uploads\/2026\/04\/Ibricic_predstavitev-1024x683.png","type":"image\/png"}],"author":"admin","twitter_card":"summary_large_image","twitter_misc":{"Written by":"admin","Est. reading time":"3 minute"},"schema":{"@context":"https:\/\/schema.org","@graph":[{"@type":"Article","@id":"https:\/\/kmnmaribor.si\/index.php\/2026\/04\/27\/senijad-ibricic-nova-okrepitev-kmn-maribora\/#article","isPartOf":{"@id":"https:\/\/kmnmaribor.si\/index.php\/2026\/04\/27\/senijad-ibricic-nova-okrepitev-kmn-maribora\/"},"author":{"name":"admin","@id":"https:\/\/kmnmaribor.si\/#\/schema\/person\/eec839a73b45bf2a88c32737c696c55f"},"headline":"Senijad Ibri\u010di\u0107 nova okrepitev KMN Maribora","datePublished":"2026-04-27T14:21:27+00:00","dateModified":"2026-04-27T14:41:26+00:00","mainEntityOfPage":{"@id":"https:\/\/kmnmaribor.si\/index.php\/2026\/04\/27\/senijad-ibricic-nova-okrepitev-kmn-maribora\/"},"wordCount":887,"publisher":{"@id":"https:\/\/kmnmaribor.si\/#organization"},"image":{"@id":"https:\/\/kmnmaribor.si\/index.php\/2026\/04\/27\/senijad-ibricic-nova-okrepitev-kmn-maribora\/#primaryimage"},"thumbnailUrl":"https:\/\/kmnmaribor.si\/wp-content\/uploads\/2026\/04\/Ibricic_predstavitev.png","articleSection":["Novice"],"inLanguage":"sl-SI"},{"@type":"WebPage","@id":"https:\/\/kmnmaribor.si\/index.php\/2026\/04\/27\/senijad-ibricic-nova-okrepitev-kmn-maribora\/","url":"https:\/\/kmnmaribor.si\/index.php\/2026\/04\/27\/senijad-ibricic-nova-okrepitev-kmn-maribora\/","name":"Senijad Ibri\u010di\u0107 nova okrepitev KMN Maribora - KMN MARIBOR - SLOVENIJA","isPartOf":{"@id":"https:\/\/kmnmaribor.si\/#website"},"primaryImageOfPage":{"@id":"https:\/\/kmnmaribor.si\/index.php\/2026\/04\/27\/senijad-ibricic-nova-okrepitev-kmn-maribora\/#primaryimage"},"image":{"@id":"https:\/\/kmnmaribor.si\/index.php\/2026\/04\/27\/senijad-ibricic-nova-okrepitev-kmn-maribora\/#primaryimage"},"thumbnailUrl":"https:\/\/kmnmaribor.si\/wp-content\/uploads\/2026\/04\/Ibricic_predstavitev.png","datePublished":"2026-04-27T14:21:27+00:00","dateModified":"2026-04-27T14:41:26+00:00","description":"KMN Maribor z velikim ponosom in zadovoljstvom predstavlja novo okrepitev \u010dlanske ekipe \u2013 v vijoli\u010dasti dres prihaja Senijad Ibri\u010di\u0107, nekdanji reprezentant Bosne in Hercegovine ter danes tudi \u010dlan reprezentance Bosne in Hercegovine v malem nogometu na travi...","breadcrumb":{"@id":"https:\/\/kmnmaribor.si\/index.php\/2026\/04\/27\/senijad-ibricic-nova-okrepitev-kmn-maribora\/#breadcrumb"},"inLanguage":"sl-SI","potentialAction":[{"@type":"ReadAction","target":["https:\/\/kmnmaribor.si\/index.php\/2026\/04\/27\/senijad-ibricic-nova-okrepitev-kmn-maribora\/"]}]},{"@type":"ImageObject","inLanguage":"sl-SI","@id":"https:\/\/kmnmaribor.si\/index.php\/2026\/04\/27\/senijad-ibricic-nova-okrepitev-kmn-maribora\/#primaryimage","url":"https:\/\/kmnmaribor.si\/wp-content\/uploads\/2026\/04\/Ibricic_predstavitev.png","contentUrl":"https:\/\/kmnmaribor.si\/wp-content\/uploads\/2026\/04\/Ibricic_predstavitev.png","width":1536,"height":1024},{"@type":"BreadcrumbList","@id":"https:\/\/kmnmaribor.si\/index.php\/2026\/04\/27\/senijad-ibricic-nova-okrepitev-kmn-maribora\/#breadcrumb","itemListElement":[{"@type":"ListItem","position":1,"name":"Home","item":"https:\/\/kmnmaribor.si\/"},{"@type":"ListItem","position":2,"name":"Senijad Ibri\u010di\u0107 nova okrepitev KMN Maribora"}]},{"@type":"WebSite","@id":"https:\/\/kmnmaribor.si\/#website","url":"https:\/\/kmnmaribor.si\/","name":"KMN MARIBOR - SLOVENIJA","description":"","publisher":{"@id":"https:\/\/kmnmaribor.si\/#organization"},"potentialAction":[{"@type":"SearchAction","target":{"@type":"EntryPoint","urlTemplate":"https:\/\/kmnmaribor.si\/?s={search_term_string}"},"query-input":{"@type":"PropertyValueSpecification","valueRequired":true,"valueName":"search_term_string"}}],"inLanguage":"sl-SI"},{"@type":"Organization","@id":"https:\/\/kmnmaribor.si\/#organization","name":"KMN MARIBOR - SLOVENIJA","url":"https:\/\/kmnmaribor.si\/","logo":{"@type":"ImageObject","inLanguage":"sl-SI","@id":"https:\/\/kmnmaribor.si\/#\/schema\/logo\/image\/","url":"https:\/\/kmnmaribor.si\/wp-content\/uploads\/2025\/08\/logo-branik-viol-scaled.png","contentUrl":"https:\/\/kmnmaribor.si\/wp-content\/uploads\/2025\/08\/logo-branik-viol-scaled.png","width":2560,"height":2560,"caption":"KMN MARIBOR - SLOVENIJA"},"image":{"@id":"https:\/\/kmnmaribor.si\/#\/schema\/logo\/image\/"},"sameAs":["https:\/\/www.facebook.com\/groups\/1004739540477470"]},{"@type":"Person","@id":"https:\/\/kmnmaribor.si\/#\/schema\/person\/eec839a73b45bf2a88c32737c696c55f","name":"admin","image":{"@type":"ImageObject","inLanguage":"sl-SI","@id":"https:\/\/secure.gravatar.com\/avatar\/146ba08b3ec32b418a9f4d9b98da7776d62c33d49cbea8ab5cefec49407c733f?s=96&d=mm&r=g","url":"https:\/\/secure.gravatar.com\/avatar\/146ba08b3ec32b418a9f4d9b98da7776d62c33d49cbea8ab5cefec49407c733f?s=96&d=mm&r=g","contentUrl":"https:\/\/secure.gravatar.com\/avatar\/146ba08b3ec32b418a9f4d9b98da7776d62c33d49cbea8ab5cefec49407c733f?s=96&d=mm&r=g","caption":"admin"},"sameAs":["https:\/\/kmnmaribor.si"],"url":"https:\/\/kmnmaribor.si\/index.php\/author\/admin\/"}]}},"_links":{"self":[{"href":"https:\/\/kmnmaribor.si\/index.php\/wp-json\/wp\/v2\/posts\/29154","targetHints":{"allow":["GET"]}}],"collection":[{"href":"https:\/\/kmnmaribor.si\/index.php\/wp-json\/wp\/v2\/posts"}],"about":[{"href":"https:\/\/kmnmaribor.si\/index.php\/wp-json\/wp\/v2\/types\/post"}],"author":[{"embeddable":true,"href":"https:\/\/kmnmaribor.si\/index.php\/wp-json\/wp\/v2\/users\/1"}],"replies":[{"embeddable":true,"href":"https:\/\/kmnmaribor.si\/index.php\/wp-json\/wp\/v2\/comments?post=29154"}],"version-history":[{"count":8,"href":"https:\/\/kmnmaribor.si\/index.php\/wp-json\/wp\/v2\/posts\/29154\/revisions"}],"predecessor-version":[{"id":29168,"href":"https:\/\/kmnmaribor.si\/index.php\/wp-json\/wp\/v2\/posts\/29154\/revisions\/29168"}],"wp:featuredmedia":[{"embeddable":true,"href":"https:\/\/kmnmaribor.si\/index.php\/wp-json\/wp\/v2\/media\/29156"}],"wp:attachment":[{"href":"https:\/\/kmnmaribor.si\/index.php\/wp-json\/wp\/v2\/media?parent=29154"}],"wp:term":[{"taxonomy":"category","embeddable":true,"href":"https:\/\/kmnmaribor.si\/index.php\/wp-json\/wp\/v2\/categories?post=29154"},{"taxonomy":"post_tag","embeddable":true,"href":"https:\/\/kmnmaribor.si\/index.php\/wp-json\/wp\/v2\/tags?post=29154"}],"curies":[{"name":"wp","href":"https:\/\/api.w.org\/{rel}","templated":true}]}}