{"id":29079,"date":"2026-04-20T08:02:06","date_gmt":"2026-04-20T07:02:06","guid":{"rendered":"https:\/\/kmnmaribor.si\/?p=29079"},"modified":"2026-04-20T11:52:08","modified_gmt":"2026-04-20T10:52:08","slug":"pet-nasih-igralcev-na-sirsem-seznamu-za-emf-euro-2026","status":"publish","type":"post","link":"https:\/\/kmnmaribor.si\/index.php\/2026\/04\/20\/pet-nasih-igralcev-na-sirsem-seznamu-za-emf-euro-2026\/","title":{"rendered":"Pet na\u0161ih igralcev na \u0161ir\u0161em seznamu za EMF Euro 2026"},"content":{"rendered":"<p>[et_pb_section fb_built=&#8221;1&#8243; _builder_version=&#8221;4.27.6&#8243; _module_preset=&#8221;default&#8221; global_colors_info=&#8221;{}&#8221;][et_pb_row column_structure=&#8221;1_2,1_2&#8243; _builder_version=&#8221;4.27.6&#8243; _module_preset=&#8221;default&#8221; global_colors_info=&#8221;{}&#8221;][et_pb_column type=&#8221;1_2&#8243; _builder_version=&#8221;4.27.6&#8243; _module_preset=&#8221;default&#8221; global_colors_info=&#8221;{}&#8221;][et_pb_text _builder_version=&#8221;4.27.6&#8243; _module_preset=&#8221;default&#8221; text_font=&#8221;&#8211;et_global_heading_font||||||||&#8221; text_font_size=&#8221;16px&#8221; animation_style=&#8221;fade&#8221; hover_enabled=&#8221;0&#8243; global_colors_info=&#8221;{}&#8221; sticky_enabled=&#8221;0&#8243;]Z velikim ponosom sporo\u010damo, da se je na \u0161ir\u0161em seznamu selektorja <strong><a href=\"https:\/\/smz.si\/\" target=\"_blank\" rel=\"noopener\">Slovenske Malonogometne Zveze<\/a> Danijela Mitrovi\u0107a<\/strong> za prihajajo\u010de evropsko malonogometno prvenstvo <strong>EMF Euro 2026<\/strong> uvrstilo kar pet na\u0161ih igralcev. <strong>Prvenstvo bo potekalo v mesecu maju na Slova\u0161kem<\/strong> in predstavlja vrhunec evropskega malonogometa.[\/et_pb_text][\/et_pb_column][et_pb_column type=&#8221;1_2&#8243; _builder_version=&#8221;4.27.6&#8243; _module_preset=&#8221;default&#8221; global_colors_info=&#8221;{}&#8221;][et_pb_image src=&#8221;https:\/\/kmnmaribor.si\/wp-content\/uploads\/2026\/04\/r3.jpg&#8221; title_text=&#8221;r3&#8243; show_in_lightbox=&#8221;on&#8221; _builder_version=&#8221;4.27.6&#8243; _module_preset=&#8221;default&#8221; animation_style=&#8221;fade&#8221; border_radii=&#8221;on|10px|10px|10px|10px&#8221; box_shadow_style=&#8221;preset1&#8243; global_colors_info=&#8221;{}&#8221;][\/et_pb_image][\/et_pb_column][\/et_pb_row][et_pb_row _builder_version=&#8221;4.27.6&#8243; _module_preset=&#8221;default&#8221; global_colors_info=&#8221;{}&#8221;][et_pb_column type=&#8221;4_4&#8243; _builder_version=&#8221;4.27.6&#8243; _module_preset=&#8221;default&#8221; global_colors_info=&#8221;{}&#8221;][et_pb_text _builder_version=&#8221;4.27.6&#8243; _module_preset=&#8221;default&#8221; text_font=&#8221;&#8211;et_global_heading_font||||||||&#8221; text_font_size=&#8221;16px&#8221; animation_style=&#8221;fade&#8221; global_colors_info=&#8221;{}&#8221;]<\/p>\n<p>Na seznamu so: <strong>Mak Karabegovi\u0107<\/strong>, <strong>Tadej \u017dagar Knez<\/strong>, <strong>David Sitar<\/strong>, <strong>Denis Popovi\u0107<\/strong> in <strong>Marcel Vindi\u0161<\/strong>.<\/p>\n<p>Gre za izjemno priznanje tako za posameznike kot tudi za na\u0161 kolektiv, saj potrjuje kakovostno delo, predanost in razvoj, ki ga gradimo skozi celotno sezono. Prisotnost petih igralcev na \u0161ir\u0161em reprezentan\u010dnem seznamu je jasen pokazatelj, da klub deluje v pravi smeri in ustvarja okolje, v katerem igralci napredujejo ter dosegajo vi\u0161jo raven.<\/p>\n<p>Uvrstitev na \u0161ir\u0161i seznam sicer \u0161e ne pomeni dokon\u010dnega izbora, vendar predstavlja pomemben korak na poti do nastopa na najve\u010djem evropskem tekmovanju v malem nogometu. Prepri\u010dani smo, da bodo na\u0161i fantje tudi v nadaljevanju dokazovali svojo kakovost in se borili za mesto v kon\u010dni reprezentanci.<\/p>\n<p>Vsem petim igralcem iskreno \u010destitamo za dose\u017eek ter jim \u017eelimo veliko uspeha v nadaljnjih pripravah in izboru za <strong>EMF Euro 2026<\/strong>.<\/p>\n<p>[\/et_pb_text][\/et_pb_column][\/et_pb_row][\/et_pb_section]<\/p>\n","protected":false},"excerpt":{"rendered":"<p>Z velikim ponosom sporo\u010damo, da se je na \u0161ir\u0161em seznamu selektorja Slovenske Malonogometne Zveze Danijela Mitrovi\u0107a za prihajajo\u010de evropsko malonogometno prvenstvo EMF Euro 2026 uvrstilo kar pet na\u0161ih igralcev. Prvenstvo [&hellip;]<\/p>\n","protected":false},"author":1,"featured_media":29080,"comment_status":"closed","ping_status":"closed","sticky":false,"template":"","format":"standard","meta":{"_et_pb_use_builder":"on","_et_pb_old_content":"","_et_gb_content_width":"","footnotes":""},"categories":[9],"tags":[],"class_list":["post-29079","post","type-post","status-publish","format-standard","has-post-thumbnail","hentry","category-novice"],"yoast_head":"<!-- This site is optimized with the Yoast SEO plugin v27.4 - https:\/\/yoast.com\/product\/yoast-seo-wordpress\/ -->\n<title>Pet na\u0161ih igralcev na \u0161ir\u0161em seznamu za EMF Euro 2026 - KMN MARIBOR - SLOVENIJA<\/title>\n<meta name=\"description\" content=\"Z velikim ponosom sporo\u010damo, da se je na \u0161ir\u0161em seznamu selektorja Danijela Mitrovi\u0107a za prihajajo\u010de evropsko malonogometno prvenstvo EMF Euro 2026 uvrstilo kar pet na\u0161ih igralcev. Prvenstvo bo potekalo v mesecu maju na Slova\u0161kem in predstavlja vrhunec evropskega malonogometa...\" \/>\n<meta name=\"robots\" content=\"index, follow, max-snippet:-1, max-image-preview:large, max-video-preview:-1\" \/>\n<link rel=\"canonical\" href=\"https:\/\/kmnmaribor.si\/index.php\/2026\/04\/20\/pet-nasih-igralcev-na-sirsem-seznamu-za-emf-euro-2026\/\" \/>\n<meta property=\"og:locale\" content=\"sl_SI\" \/>\n<meta property=\"og:type\" content=\"article\" \/>\n<meta property=\"og:title\" content=\"Pet na\u0161ih igralcev na \u0161ir\u0161em seznamu za EMF Euro 2026 - KMN MARIBOR - SLOVENIJA\" \/>\n<meta property=\"og:description\" content=\"Z velikim ponosom sporo\u010damo, da se je na \u0161ir\u0161em seznamu selektorja Danijela Mitrovi\u0107a za prihajajo\u010de evropsko malonogometno prvenstvo EMF Euro 2026 uvrstilo kar pet na\u0161ih igralcev. Prvenstvo bo potekalo v mesecu maju na Slova\u0161kem in predstavlja vrhunec evropskega malonogometa...\" \/>\n<meta property=\"og:url\" content=\"https:\/\/kmnmaribor.si\/index.php\/2026\/04\/20\/pet-nasih-igralcev-na-sirsem-seznamu-za-emf-euro-2026\/\" \/>\n<meta property=\"og:site_name\" content=\"KMN MARIBOR - SLOVENIJA\" \/>\n<meta property=\"article:publisher\" content=\"https:\/\/www.facebook.com\/groups\/1004739540477470\" \/>\n<meta property=\"article:published_time\" content=\"2026-04-20T07:02:06+00:00\" \/>\n<meta property=\"article:modified_time\" content=\"2026-04-20T10:52:08+00:00\" \/>\n<meta property=\"og:image\" content=\"https:\/\/kmnmaribor.si\/wp-content\/uploads\/2026\/04\/r1.jpg\" \/>\n\t<meta property=\"og:image:width\" content=\"1536\" \/>\n\t<meta property=\"og:image:height\" content=\"1024\" \/>\n\t<meta property=\"og:image:type\" content=\"image\/jpeg\" \/>\n<meta name=\"author\" content=\"admin\" \/>\n<meta name=\"twitter:card\" content=\"summary_large_image\" \/>\n<meta name=\"twitter:label1\" content=\"Written by\" \/>\n\t<meta name=\"twitter:data1\" content=\"admin\" \/>\n\t<meta name=\"twitter:label2\" content=\"Est. reading time\" \/>\n\t<meta name=\"twitter:data2\" content=\"2 minuti\" \/>\n<script type=\"application\/ld+json\" class=\"yoast-schema-graph\">{\"@context\":\"https:\\\/\\\/schema.org\",\"@graph\":[{\"@type\":\"Article\",\"@id\":\"https:\\\/\\\/kmnmaribor.si\\\/index.php\\\/2026\\\/04\\\/20\\\/pet-nasih-igralcev-na-sirsem-seznamu-za-emf-euro-2026\\\/#article\",\"isPartOf\":{\"@id\":\"https:\\\/\\\/kmnmaribor.si\\\/index.php\\\/2026\\\/04\\\/20\\\/pet-nasih-igralcev-na-sirsem-seznamu-za-emf-euro-2026\\\/\"},\"author\":{\"name\":\"admin\",\"@id\":\"https:\\\/\\\/kmnmaribor.si\\\/#\\\/schema\\\/person\\\/eec839a73b45bf2a88c32737c696c55f\"},\"headline\":\"Pet na\u0161ih igralcev na \u0161ir\u0161em seznamu za EMF Euro 2026\",\"datePublished\":\"2026-04-20T07:02:06+00:00\",\"dateModified\":\"2026-04-20T10:52:08+00:00\",\"mainEntityOfPage\":{\"@id\":\"https:\\\/\\\/kmnmaribor.si\\\/index.php\\\/2026\\\/04\\\/20\\\/pet-nasih-igralcev-na-sirsem-seznamu-za-emf-euro-2026\\\/\"},\"wordCount\":392,\"publisher\":{\"@id\":\"https:\\\/\\\/kmnmaribor.si\\\/#organization\"},\"image\":{\"@id\":\"https:\\\/\\\/kmnmaribor.si\\\/index.php\\\/2026\\\/04\\\/20\\\/pet-nasih-igralcev-na-sirsem-seznamu-za-emf-euro-2026\\\/#primaryimage\"},\"thumbnailUrl\":\"https:\\\/\\\/kmnmaribor.si\\\/wp-content\\\/uploads\\\/2026\\\/04\\\/r1.jpg\",\"articleSection\":[\"Novice\"],\"inLanguage\":\"sl-SI\"},{\"@type\":\"WebPage\",\"@id\":\"https:\\\/\\\/kmnmaribor.si\\\/index.php\\\/2026\\\/04\\\/20\\\/pet-nasih-igralcev-na-sirsem-seznamu-za-emf-euro-2026\\\/\",\"url\":\"https:\\\/\\\/kmnmaribor.si\\\/index.php\\\/2026\\\/04\\\/20\\\/pet-nasih-igralcev-na-sirsem-seznamu-za-emf-euro-2026\\\/\",\"name\":\"Pet na\u0161ih igralcev na \u0161ir\u0161em seznamu za EMF Euro 2026 - KMN MARIBOR - SLOVENIJA\",\"isPartOf\":{\"@id\":\"https:\\\/\\\/kmnmaribor.si\\\/#website\"},\"primaryImageOfPage\":{\"@id\":\"https:\\\/\\\/kmnmaribor.si\\\/index.php\\\/2026\\\/04\\\/20\\\/pet-nasih-igralcev-na-sirsem-seznamu-za-emf-euro-2026\\\/#primaryimage\"},\"image\":{\"@id\":\"https:\\\/\\\/kmnmaribor.si\\\/index.php\\\/2026\\\/04\\\/20\\\/pet-nasih-igralcev-na-sirsem-seznamu-za-emf-euro-2026\\\/#primaryimage\"},\"thumbnailUrl\":\"https:\\\/\\\/kmnmaribor.si\\\/wp-content\\\/uploads\\\/2026\\\/04\\\/r1.jpg\",\"datePublished\":\"2026-04-20T07:02:06+00:00\",\"dateModified\":\"2026-04-20T10:52:08+00:00\",\"description\":\"Z velikim ponosom sporo\u010damo, da se je na \u0161ir\u0161em seznamu selektorja Danijela Mitrovi\u0107a za prihajajo\u010de evropsko malonogometno prvenstvo EMF Euro 2026 uvrstilo kar pet na\u0161ih igralcev. Prvenstvo bo potekalo v mesecu maju na Slova\u0161kem in predstavlja vrhunec evropskega malonogometa...\",\"breadcrumb\":{\"@id\":\"https:\\\/\\\/kmnmaribor.si\\\/index.php\\\/2026\\\/04\\\/20\\\/pet-nasih-igralcev-na-sirsem-seznamu-za-emf-euro-2026\\\/#breadcrumb\"},\"inLanguage\":\"sl-SI\",\"potentialAction\":[{\"@type\":\"ReadAction\",\"target\":[\"https:\\\/\\\/kmnmaribor.si\\\/index.php\\\/2026\\\/04\\\/20\\\/pet-nasih-igralcev-na-sirsem-seznamu-za-emf-euro-2026\\\/\"]}]},{\"@type\":\"ImageObject\",\"inLanguage\":\"sl-SI\",\"@id\":\"https:\\\/\\\/kmnmaribor.si\\\/index.php\\\/2026\\\/04\\\/20\\\/pet-nasih-igralcev-na-sirsem-seznamu-za-emf-euro-2026\\\/#primaryimage\",\"url\":\"https:\\\/\\\/kmnmaribor.si\\\/wp-content\\\/uploads\\\/2026\\\/04\\\/r1.jpg\",\"contentUrl\":\"https:\\\/\\\/kmnmaribor.si\\\/wp-content\\\/uploads\\\/2026\\\/04\\\/r1.jpg\",\"width\":1536,\"height\":1024},{\"@type\":\"BreadcrumbList\",\"@id\":\"https:\\\/\\\/kmnmaribor.si\\\/index.php\\\/2026\\\/04\\\/20\\\/pet-nasih-igralcev-na-sirsem-seznamu-za-emf-euro-2026\\\/#breadcrumb\",\"itemListElement\":[{\"@type\":\"ListItem\",\"position\":1,\"name\":\"Home\",\"item\":\"https:\\\/\\\/kmnmaribor.si\\\/\"},{\"@type\":\"ListItem\",\"position\":2,\"name\":\"Pet na\u0161ih igralcev na \u0161ir\u0161em seznamu za EMF Euro 2026\"}]},{\"@type\":\"WebSite\",\"@id\":\"https:\\\/\\\/kmnmaribor.si\\\/#website\",\"url\":\"https:\\\/\\\/kmnmaribor.si\\\/\",\"name\":\"KMN MARIBOR - SLOVENIJA\",\"description\":\"\",\"publisher\":{\"@id\":\"https:\\\/\\\/kmnmaribor.si\\\/#organization\"},\"potentialAction\":[{\"@type\":\"SearchAction\",\"target\":{\"@type\":\"EntryPoint\",\"urlTemplate\":\"https:\\\/\\\/kmnmaribor.si\\\/?s={search_term_string}\"},\"query-input\":{\"@type\":\"PropertyValueSpecification\",\"valueRequired\":true,\"valueName\":\"search_term_string\"}}],\"inLanguage\":\"sl-SI\"},{\"@type\":\"Organization\",\"@id\":\"https:\\\/\\\/kmnmaribor.si\\\/#organization\",\"name\":\"KMN MARIBOR - SLOVENIJA\",\"url\":\"https:\\\/\\\/kmnmaribor.si\\\/\",\"logo\":{\"@type\":\"ImageObject\",\"inLanguage\":\"sl-SI\",\"@id\":\"https:\\\/\\\/kmnmaribor.si\\\/#\\\/schema\\\/logo\\\/image\\\/\",\"url\":\"https:\\\/\\\/kmnmaribor.si\\\/wp-content\\\/uploads\\\/2025\\\/08\\\/logo-branik-viol-scaled.png\",\"contentUrl\":\"https:\\\/\\\/kmnmaribor.si\\\/wp-content\\\/uploads\\\/2025\\\/08\\\/logo-branik-viol-scaled.png\",\"width\":2560,\"height\":2560,\"caption\":\"KMN MARIBOR - SLOVENIJA\"},\"image\":{\"@id\":\"https:\\\/\\\/kmnmaribor.si\\\/#\\\/schema\\\/logo\\\/image\\\/\"},\"sameAs\":[\"https:\\\/\\\/www.facebook.com\\\/groups\\\/1004739540477470\"]},{\"@type\":\"Person\",\"@id\":\"https:\\\/\\\/kmnmaribor.si\\\/#\\\/schema\\\/person\\\/eec839a73b45bf2a88c32737c696c55f\",\"name\":\"admin\",\"image\":{\"@type\":\"ImageObject\",\"inLanguage\":\"sl-SI\",\"@id\":\"https:\\\/\\\/secure.gravatar.com\\\/avatar\\\/146ba08b3ec32b418a9f4d9b98da7776d62c33d49cbea8ab5cefec49407c733f?s=96&d=mm&r=g\",\"url\":\"https:\\\/\\\/secure.gravatar.com\\\/avatar\\\/146ba08b3ec32b418a9f4d9b98da7776d62c33d49cbea8ab5cefec49407c733f?s=96&d=mm&r=g\",\"contentUrl\":\"https:\\\/\\\/secure.gravatar.com\\\/avatar\\\/146ba08b3ec32b418a9f4d9b98da7776d62c33d49cbea8ab5cefec49407c733f?s=96&d=mm&r=g\",\"caption\":\"admin\"},\"sameAs\":[\"https:\\\/\\\/kmnmaribor.si\"],\"url\":\"https:\\\/\\\/kmnmaribor.si\\\/index.php\\\/author\\\/admin\\\/\"}]}<\/script>\n<!-- \/ Yoast SEO plugin. -->","yoast_head_json":{"title":"Pet na\u0161ih igralcev na \u0161ir\u0161em seznamu za EMF Euro 2026 - KMN MARIBOR - SLOVENIJA","description":"Z velikim ponosom sporo\u010damo, da se je na \u0161ir\u0161em seznamu selektorja Danijela Mitrovi\u0107a za prihajajo\u010de evropsko malonogometno prvenstvo EMF Euro 2026 uvrstilo kar pet na\u0161ih igralcev. Prvenstvo bo potekalo v mesecu maju na Slova\u0161kem in predstavlja vrhunec evropskega malonogometa...","robots":{"index":"index","follow":"follow","max-snippet":"max-snippet:-1","max-image-preview":"max-image-preview:large","max-video-preview":"max-video-preview:-1"},"canonical":"https:\/\/kmnmaribor.si\/index.php\/2026\/04\/20\/pet-nasih-igralcev-na-sirsem-seznamu-za-emf-euro-2026\/","og_locale":"sl_SI","og_type":"article","og_title":"Pet na\u0161ih igralcev na \u0161ir\u0161em seznamu za EMF Euro 2026 - KMN MARIBOR - SLOVENIJA","og_description":"Z velikim ponosom sporo\u010damo, da se je na \u0161ir\u0161em seznamu selektorja Danijela Mitrovi\u0107a za prihajajo\u010de evropsko malonogometno prvenstvo EMF Euro 2026 uvrstilo kar pet na\u0161ih igralcev. Prvenstvo bo potekalo v mesecu maju na Slova\u0161kem in predstavlja vrhunec evropskega malonogometa...","og_url":"https:\/\/kmnmaribor.si\/index.php\/2026\/04\/20\/pet-nasih-igralcev-na-sirsem-seznamu-za-emf-euro-2026\/","og_site_name":"KMN MARIBOR - SLOVENIJA","article_publisher":"https:\/\/www.facebook.com\/groups\/1004739540477470","article_published_time":"2026-04-20T07:02:06+00:00","article_modified_time":"2026-04-20T10:52:08+00:00","og_image":[{"width":1536,"height":1024,"url":"https:\/\/kmnmaribor.si\/wp-content\/uploads\/2026\/04\/r1.jpg","type":"image\/jpeg"}],"author":"admin","twitter_card":"summary_large_image","twitter_misc":{"Written by":"admin","Est. reading time":"2 minuti"},"schema":{"@context":"https:\/\/schema.org","@graph":[{"@type":"Article","@id":"https:\/\/kmnmaribor.si\/index.php\/2026\/04\/20\/pet-nasih-igralcev-na-sirsem-seznamu-za-emf-euro-2026\/#article","isPartOf":{"@id":"https:\/\/kmnmaribor.si\/index.php\/2026\/04\/20\/pet-nasih-igralcev-na-sirsem-seznamu-za-emf-euro-2026\/"},"author":{"name":"admin","@id":"https:\/\/kmnmaribor.si\/#\/schema\/person\/eec839a73b45bf2a88c32737c696c55f"},"headline":"Pet na\u0161ih igralcev na \u0161ir\u0161em seznamu za EMF Euro 2026","datePublished":"2026-04-20T07:02:06+00:00","dateModified":"2026-04-20T10:52:08+00:00","mainEntityOfPage":{"@id":"https:\/\/kmnmaribor.si\/index.php\/2026\/04\/20\/pet-nasih-igralcev-na-sirsem-seznamu-za-emf-euro-2026\/"},"wordCount":392,"publisher":{"@id":"https:\/\/kmnmaribor.si\/#organization"},"image":{"@id":"https:\/\/kmnmaribor.si\/index.php\/2026\/04\/20\/pet-nasih-igralcev-na-sirsem-seznamu-za-emf-euro-2026\/#primaryimage"},"thumbnailUrl":"https:\/\/kmnmaribor.si\/wp-content\/uploads\/2026\/04\/r1.jpg","articleSection":["Novice"],"inLanguage":"sl-SI"},{"@type":"WebPage","@id":"https:\/\/kmnmaribor.si\/index.php\/2026\/04\/20\/pet-nasih-igralcev-na-sirsem-seznamu-za-emf-euro-2026\/","url":"https:\/\/kmnmaribor.si\/index.php\/2026\/04\/20\/pet-nasih-igralcev-na-sirsem-seznamu-za-emf-euro-2026\/","name":"Pet na\u0161ih igralcev na \u0161ir\u0161em seznamu za EMF Euro 2026 - KMN MARIBOR - SLOVENIJA","isPartOf":{"@id":"https:\/\/kmnmaribor.si\/#website"},"primaryImageOfPage":{"@id":"https:\/\/kmnmaribor.si\/index.php\/2026\/04\/20\/pet-nasih-igralcev-na-sirsem-seznamu-za-emf-euro-2026\/#primaryimage"},"image":{"@id":"https:\/\/kmnmaribor.si\/index.php\/2026\/04\/20\/pet-nasih-igralcev-na-sirsem-seznamu-za-emf-euro-2026\/#primaryimage"},"thumbnailUrl":"https:\/\/kmnmaribor.si\/wp-content\/uploads\/2026\/04\/r1.jpg","datePublished":"2026-04-20T07:02:06+00:00","dateModified":"2026-04-20T10:52:08+00:00","description":"Z velikim ponosom sporo\u010damo, da se je na \u0161ir\u0161em seznamu selektorja Danijela Mitrovi\u0107a za prihajajo\u010de evropsko malonogometno prvenstvo EMF Euro 2026 uvrstilo kar pet na\u0161ih igralcev. Prvenstvo bo potekalo v mesecu maju na Slova\u0161kem in predstavlja vrhunec evropskega malonogometa...","breadcrumb":{"@id":"https:\/\/kmnmaribor.si\/index.php\/2026\/04\/20\/pet-nasih-igralcev-na-sirsem-seznamu-za-emf-euro-2026\/#breadcrumb"},"inLanguage":"sl-SI","potentialAction":[{"@type":"ReadAction","target":["https:\/\/kmnmaribor.si\/index.php\/2026\/04\/20\/pet-nasih-igralcev-na-sirsem-seznamu-za-emf-euro-2026\/"]}]},{"@type":"ImageObject","inLanguage":"sl-SI","@id":"https:\/\/kmnmaribor.si\/index.php\/2026\/04\/20\/pet-nasih-igralcev-na-sirsem-seznamu-za-emf-euro-2026\/#primaryimage","url":"https:\/\/kmnmaribor.si\/wp-content\/uploads\/2026\/04\/r1.jpg","contentUrl":"https:\/\/kmnmaribor.si\/wp-content\/uploads\/2026\/04\/r1.jpg","width":1536,"height":1024},{"@type":"BreadcrumbList","@id":"https:\/\/kmnmaribor.si\/index.php\/2026\/04\/20\/pet-nasih-igralcev-na-sirsem-seznamu-za-emf-euro-2026\/#breadcrumb","itemListElement":[{"@type":"ListItem","position":1,"name":"Home","item":"https:\/\/kmnmaribor.si\/"},{"@type":"ListItem","position":2,"name":"Pet na\u0161ih igralcev na \u0161ir\u0161em seznamu za EMF Euro 2026"}]},{"@type":"WebSite","@id":"https:\/\/kmnmaribor.si\/#website","url":"https:\/\/kmnmaribor.si\/","name":"KMN MARIBOR - SLOVENIJA","description":"","publisher":{"@id":"https:\/\/kmnmaribor.si\/#organization"},"potentialAction":[{"@type":"SearchAction","target":{"@type":"EntryPoint","urlTemplate":"https:\/\/kmnmaribor.si\/?s={search_term_string}"},"query-input":{"@type":"PropertyValueSpecification","valueRequired":true,"valueName":"search_term_string"}}],"inLanguage":"sl-SI"},{"@type":"Organization","@id":"https:\/\/kmnmaribor.si\/#organization","name":"KMN MARIBOR - SLOVENIJA","url":"https:\/\/kmnmaribor.si\/","logo":{"@type":"ImageObject","inLanguage":"sl-SI","@id":"https:\/\/kmnmaribor.si\/#\/schema\/logo\/image\/","url":"https:\/\/kmnmaribor.si\/wp-content\/uploads\/2025\/08\/logo-branik-viol-scaled.png","contentUrl":"https:\/\/kmnmaribor.si\/wp-content\/uploads\/2025\/08\/logo-branik-viol-scaled.png","width":2560,"height":2560,"caption":"KMN MARIBOR - SLOVENIJA"},"image":{"@id":"https:\/\/kmnmaribor.si\/#\/schema\/logo\/image\/"},"sameAs":["https:\/\/www.facebook.com\/groups\/1004739540477470"]},{"@type":"Person","@id":"https:\/\/kmnmaribor.si\/#\/schema\/person\/eec839a73b45bf2a88c32737c696c55f","name":"admin","image":{"@type":"ImageObject","inLanguage":"sl-SI","@id":"https:\/\/secure.gravatar.com\/avatar\/146ba08b3ec32b418a9f4d9b98da7776d62c33d49cbea8ab5cefec49407c733f?s=96&d=mm&r=g","url":"https:\/\/secure.gravatar.com\/avatar\/146ba08b3ec32b418a9f4d9b98da7776d62c33d49cbea8ab5cefec49407c733f?s=96&d=mm&r=g","contentUrl":"https:\/\/secure.gravatar.com\/avatar\/146ba08b3ec32b418a9f4d9b98da7776d62c33d49cbea8ab5cefec49407c733f?s=96&d=mm&r=g","caption":"admin"},"sameAs":["https:\/\/kmnmaribor.si"],"url":"https:\/\/kmnmaribor.si\/index.php\/author\/admin\/"}]}},"_links":{"self":[{"href":"https:\/\/kmnmaribor.si\/index.php\/wp-json\/wp\/v2\/posts\/29079","targetHints":{"allow":["GET"]}}],"collection":[{"href":"https:\/\/kmnmaribor.si\/index.php\/wp-json\/wp\/v2\/posts"}],"about":[{"href":"https:\/\/kmnmaribor.si\/index.php\/wp-json\/wp\/v2\/types\/post"}],"author":[{"embeddable":true,"href":"https:\/\/kmnmaribor.si\/index.php\/wp-json\/wp\/v2\/users\/1"}],"replies":[{"embeddable":true,"href":"https:\/\/kmnmaribor.si\/index.php\/wp-json\/wp\/v2\/comments?post=29079"}],"version-history":[{"count":7,"href":"https:\/\/kmnmaribor.si\/index.php\/wp-json\/wp\/v2\/posts\/29079\/revisions"}],"predecessor-version":[{"id":29123,"href":"https:\/\/kmnmaribor.si\/index.php\/wp-json\/wp\/v2\/posts\/29079\/revisions\/29123"}],"wp:featuredmedia":[{"embeddable":true,"href":"https:\/\/kmnmaribor.si\/index.php\/wp-json\/wp\/v2\/media\/29080"}],"wp:attachment":[{"href":"https:\/\/kmnmaribor.si\/index.php\/wp-json\/wp\/v2\/media?parent=29079"}],"wp:term":[{"taxonomy":"category","embeddable":true,"href":"https:\/\/kmnmaribor.si\/index.php\/wp-json\/wp\/v2\/categories?post=29079"},{"taxonomy":"post_tag","embeddable":true,"href":"https:\/\/kmnmaribor.si\/index.php\/wp-json\/wp\/v2\/tags?post=29079"}],"curies":[{"name":"wp","href":"https:\/\/api.w.org\/{rel}","templated":true}]}}